{"id":990589,"date":"2023-06-19T21:33:30","date_gmt":"2023-06-19T19:33:30","guid":{"rendered":"http:\/\/haranta.dusanrybar.sk\/?p=990589"},"modified":"2023-06-19T21:33:30","modified_gmt":"2023-06-19T19:33:30","slug":"kam-sa-zenieme","status":"publish","type":"post","link":"https:\/\/haranta.sk\/en\/kam-sa-zenieme\/","title":{"rendered":"KAM SA \u017dENIEME?"},"content":{"rendered":"<div class=\"vgblk-rw-wrapper limit-wrapper\">\n<h3 class=\"wp-block-heading\"><strong>Pre\u010do a kam sa \u017eenieme? \u010co sa sna\u017e\u00edme z\u00edska\u0165? \u010co je vlastne d\u00f4vodom v\u0161etk\u00e9ho toho chaosu okolo n\u00e1s?<\/strong><\/h3>\n\n\n\n<p class=\"wp-block-paragraph\">Vst\u00e1vame naozaj r\u00e1no pre ten spr\u00e1vny d\u00f4vod? \u017denieme sa za t\u00fdm spr\u00e1vnym d\u00f4vodom? A&nbsp;je v\u00f4bec potrebn\u00e9 sa hna\u0165? Mnohokr\u00e1t fungujeme na auto pilot v&nbsp;tomto \u017eivote, a ani si vlastne neuvedom\u00edme, pre\u010do. Pre\u010do to rob\u00edme, pre\u010do sme sa rozhodli \u00eds\u0165 pr\u00e1ve t\u00fdmto smerom? Mo\u017eno niekto v&nbsp;detstve povedal, \u017ee to takto m\u00e1 by\u0165, \u017ee je to tak spr\u00e1vne alebo jednoducho inak fungova\u0165 nevieme. \u010co tak sa za\u010da\u0165 zam\u00fd\u0161\u013ea\u0165 nad t\u00fdm, kam vlastne kr\u00e1\u010dame? V\u0161ade, kde sa pozrieme okolo seba, sa nie\u010do buduje, zve\u013ea\u010fuje, zv\u00e4\u010d\u0161uje, pr\u00edroda mizne, mest\u00e1 sa zv\u00e4\u010d\u0161uj\u00fa\u2026 Je to dobr\u00e9 alebo zl\u00e9? Ka\u017ed\u00fd m\u00e1 na to svoj poh\u013ead a n\u00e1zor.<\/p>\n\n\n\n<figure class=\"wp-block-image\"><img decoding=\"async\" src=\"https:\/\/www.woman.sk\/wp-content\/uploads\/2019\/05\/800_AdobeStock_191597086.jpg\" alt=\"Kam sa \u017eenieme\" class=\"wp-image-184085\"\/><\/figure>\n\n\n\n<h3 class=\"wp-block-heading\"><strong>Kam sa \u017eenieme a \u010do vlastne z\u00edskavame? Patr\u00edme medzi t\u00fdch, ktor\u00ed nie\u010do zve\u013ea\u010fuj\u00fa okolo seba? &nbsp;<\/strong><\/h3>\n\n\n\n<p class=\"wp-block-paragraph\">Mo\u017eno by st\u00e1lo za to pozrie\u0165 sa, ako zve\u013eadi\u0165 to, \u010do m\u00e1me v&nbsp;sebe. To, kto vlastne sme. Som presved\u010den\u00fd o&nbsp;tom, \u017ee keby sme v\u0161etci za\u010dali zve\u013ea\u010fova\u0165 to svoje v&nbsp;sebe, tak tento svet by bol \u00faplne in\u00fd. \u013dudia by sa spr\u00e1vali k&nbsp;sebe inak. Ver\u00edm, \u017ee by sa budovalo, no ver\u00edm, \u017ee in\u00fdm smerom. Cel\u00e1 zem by sa zmenila.<\/p>\n\n\n\n<p class=\"wp-block-paragraph\"><strong>Treba sa obr\u00e1ti\u0165 k&nbsp;sebe a&nbsp;presta\u0165 sa za nie\u010d\u00edm nah\u00e1\u0148a\u0165, ale sti\u0161ova\u0165 sa, spoma\u013eova\u0165 a&nbsp;za\u010da\u0165 viac c\u00edti\u0165 a&nbsp;vn\u00edma\u0165 to, kto vlastne sme. \u010co sme. \u010co c\u00edtime.<\/strong>&nbsp;\u010co je pre n\u00e1s d\u00f4le\u017eit\u00e9 a&nbsp;ako vlastne \u010falej v&nbsp;na\u0161om \u017eivote. N\u00e1js\u0165 to, \u010do je n\u00e1\u0161 z\u00e1mer, na\u0161e poslanie a&nbsp;za\u010da\u0165 sa tomu venova\u0165.<strong>&nbsp;Poci\u0165ova\u0165 to&nbsp;<a href=\"https:\/\/www.woman.sk\/poradna\/skola-sebarozvoja\/pomahame-alebo-zachranujeme\/\" target=\"_blank\" rel=\"noreferrer noopener\">naplnenie vo svojom \u017eivote<\/a>, t\u00fa l\u00e1sku sam\u00e9ho k&nbsp;sebe za to, \u017ee si to dovol\u00edme, preto\u017ee ideme presne tak, ako m\u00e1me \u00eds\u0165.<\/strong>&nbsp;Zameni\u0165 na\u0161e materi\u00e1lne ciele za vn\u00fatorn\u00e9 pocity,&nbsp;hodnoty a&nbsp;naplnenie, ktor\u00e9 z\u00edskame, len ak budeme na tej spr\u00e1vnej ceste.<\/p>\n\n\n\n<h3 class=\"wp-block-heading\"><strong>Ja s\u00e1m som sa v\u00e4\u010d\u0161inu m\u00f4jho \u017eivota hnal za nie\u010d\u00edm\u2026<\/strong><\/h3>\n\n\n\n<p class=\"wp-block-paragraph\">Za v\u00e4\u010d\u0161\u00edm mno\u017estvom titulov, za vy\u0161\u0161ou poz\u00edciou, za v\u00e4\u010d\u0161\u00edmi peniazmi, ale jedin\u00e9, \u010do mi to prin\u00e1\u0161alo, bolo zaka\u017ed\u00fdm sklamanie. Preto\u017ee v\u017edy, ke\u010f som dosiahol svoj cie\u013e, nepri\u0161lo vysn\u00edvan\u00e9 uvo\u013enenie. Ten pocit, v&nbsp;ktor\u00fd som d\u00fafal, t\u00fa\u017eil po \u0148om, \u017ee pr\u00edde na konci, ke\u010f to dosiahnem, sa nikdy nedostavil. To, \u010do som z\u00edskal, bolo absol\u00fatne&nbsp;<a href=\"https:\/\/www.woman.sk\/poradna\/skola-sebarozvoja\/co-je-pravda-alebo-na-com-naozaj-zalezi\/\" target=\"_blank\" rel=\"noreferrer noopener\">zni\u010den\u00e9 zdravie<\/a>, preto\u017ee som i\u0161iel s\u00e1m proti sebe. Ako lep\u0161ie sa n\u00e1m to uk\u00e1\u017ee, ak nie pr\u00e1ve t\u00fdm, \u017ee sa to prejav\u00ed na na\u0161om zdrav\u00ed a tele? Deje sa to tak, preto\u017ee nie sme ochotn\u00ed po\u010d\u00fava\u0165 a&nbsp;vn\u00edma\u0165, k\u00fdm nie je skuto\u010dne zle. Na\u0161e telo je dokonal\u00fd mechanizmus, ktor\u00fd funguje pre n\u00e1s. Je to na\u0161a podpora, tak\u017ee narieka\u0165, ke\u010f sme chor\u00ed, s\u00edce m\u00f4\u017eeme, no asi n\u00e1m to ve\u013emi nepom\u00f4\u017ee. \u010co v\u0161ak m\u00f4\u017eeme, je pozrie\u0165 sa, \u017ee \u010di pr\u00e1ve nie sme na nespr\u00e1vnej ceste alebo \u010do v&nbsp;na\u0161om \u017eivote rob\u00edme proti sebe a&nbsp;pre\u010do sme si t\u00fa chorobu vytvorili. Vzia\u0165 zodpovednos\u0165 za svoj \u017eivot a&nbsp;svoje rozhodnutia do svojich r\u00fak. To n\u00e1m d\u00e1 priestor na to, aby sme sa ve\u013emi r\u00fdchlo z&nbsp;t\u00fdch probl\u00e9mov dostali, vylie\u010dili sa a&nbsp;zmenili svoj \u017eivot.<\/p>\n\n\n\n<h3 class=\"wp-block-heading\"><strong>Cel\u00e9 je to len o&nbsp;n\u00e1s<\/strong><\/h3>\n\n\n\n<p class=\"wp-block-paragraph\">V ka\u017edom jedincovi individu\u00e1lne a&nbsp;z\u00e1rove\u0148 spolo\u010dne, preto\u017ee v\u0161etko je so v\u0161etk\u00fdm prepojen\u00e9. Keby si teraz ka\u017ed\u00fd \u010dlovek na tejto zemi za\u010dal uvedomova\u0165 sam\u00e9ho seba, za\u010dal vn\u00edma\u0165 \u013eud\u00ed okolo seba, t\u00fato plan\u00e9tu a&nbsp;v\u0161etko to, \u010do sa deje okolo n\u00e1s, a&nbsp;pod\u013ea toho za\u010dal reagova\u0165, v\u0161etko by bolo in\u00e9.<\/p>\n\n\n\n<p class=\"wp-block-paragraph\">Ak ste t\u00ed, ktor\u00fdch sa tieto slova dot\u00fdkaj\u00fa a&nbsp;niekde v&nbsp;sebe si to uvedomuj\u00fa, t\u00ed, ktor\u00ed u\u017e za\u010dali robi\u0165 prv\u00e9 kroky alebo u\u017e&nbsp;mnoho krokov alebo sa len chystaj\u00fa a&nbsp;rozm\u00fd\u0161\u013eaj\u00fa, \u017ee by ten krok k&nbsp;sebe spravili\u2026&nbsp;<strong>naozaj to spravte. Stoj\u00ed to za to. To, \u010do poc\u00edtite v&nbsp;tom naplnen\u00ed, ke\u010f naozaj za\u010dnete&nbsp;<a href=\"https:\/\/www.woman.sk\/poradna\/skola-sebarozvoja\/sebahodnota-a-krasa\/\" target=\"_blank\" rel=\"noreferrer noopener\">objavova\u0165 svoju cestu<\/a>, za\u010dnete objavova\u0165 svoj \u017eivotn\u00fd z\u00e1mer a&nbsp;nap\u013a\u0148a\u0165 ho, je ten najlep\u0161\u00ed pocit na tomto svete.<\/strong>&nbsp;Ke\u010f sa nau\u010d\u00edme&nbsp;<strong>vn\u00edma\u0165 sam\u00fdch seba, ke\u010f dok\u00e1\u017eeme vn\u00edma\u0165 l\u00e1sku v&nbsp;sebe, sebal\u00e1sku, tak poc\u00edtime aj \u00faplne in\u00fa \u00farove\u0148 l\u00e1sky vo\u010di partnerovi a&nbsp;bl\u00edzkym<\/strong>. Budeme vedie\u0165 prec\u00edti\u0165 v\u0161etky pocity a&nbsp;dary, ktor\u00e9 m\u00e1me na tejto zemi na \u010faleko vy\u0161\u0161ej \u00farovni. V\u0161etko bude in\u00e9, pln\u0161ie, radostnej\u0161ie, lep\u0161ie.&nbsp;<strong>Tak do toho, nebojte sa spravi\u0165 ten najob\u00e1vanej\u0161\u00ed a&nbsp;z\u00e1rove\u0148 najodv\u00e1\u017enej\u0161\u00ed krok, a&nbsp;to je smerom k sebe.<\/strong><\/p>\n<\/div><!-- .vgblk-rw-wrapper -->","protected":false},"excerpt":{"rendered":"<p>Pre\u010do a kam sa \u017eenieme? \u010co sa sna\u017e\u00edme z\u00edska\u0165? \u010co je vlastne d\u00f4vodom v\u0161etk\u00e9ho toho chaosu okolo n\u00e1s? Vst\u00e1vame naozaj r\u00e1no pre ten spr\u00e1vny d\u00f4vod? \u017denieme sa za t\u00fdm spr\u00e1vnym d\u00f4vodom? A&nbsp;je v\u00f4bec potrebn\u00e9 sa hna\u0165? Mnohokr\u00e1t fungujeme na auto pilot v&nbsp;tomto \u017eivote, a ani si vlastne neuvedom\u00edme, pre\u010do. Pre\u010do to rob\u00edme, pre\u010do sme sa&#8230;<\/p>","protected":false},"author":1,"featured_media":990861,"comment_status":"closed","ping_status":"open","sticky":false,"template":"","format":"standard","meta":{"pmpro_default_level":"","iawp_total_views":5,"footnotes":""},"categories":[1],"tags":[],"class_list":["post-990589","post","type-post","status-publish","format-standard","has-post-thumbnail","hentry","category-nezaradene","pmpro-has-access"],"acf":[],"_links":{"self":[{"href":"https:\/\/haranta.sk\/en\/wp-json\/wp\/v2\/posts\/990589","targetHints":{"allow":["GET"]}}],"collection":[{"href":"https:\/\/haranta.sk\/en\/wp-json\/wp\/v2\/posts"}],"about":[{"href":"https:\/\/haranta.sk\/en\/wp-json\/wp\/v2\/types\/post"}],"author":[{"embeddable":true,"href":"https:\/\/haranta.sk\/en\/wp-json\/wp\/v2\/users\/1"}],"replies":[{"embeddable":true,"href":"https:\/\/haranta.sk\/en\/wp-json\/wp\/v2\/comments?post=990589"}],"version-history":[{"count":0,"href":"https:\/\/haranta.sk\/en\/wp-json\/wp\/v2\/posts\/990589\/revisions"}],"wp:featuredmedia":[{"embeddable":true,"href":"https:\/\/haranta.sk\/en\/wp-json\/wp\/v2\/media\/990861"}],"wp:attachment":[{"href":"https:\/\/haranta.sk\/en\/wp-json\/wp\/v2\/media?parent=990589"}],"wp:term":[{"taxonomy":"category","embeddable":true,"href":"https:\/\/haranta.sk\/en\/wp-json\/wp\/v2\/categories?post=990589"},{"taxonomy":"post_tag","embeddable":true,"href":"https:\/\/haranta.sk\/en\/wp-json\/wp\/v2\/tags?post=990589"}],"curies":[{"name":"wp","href":"https:\/\/api.w.org\/{rel}","templated":true}]}}